{"id":26657,"date":"2023-02-03T06:55:04","date_gmt":"2023-02-03T06:55:04","guid":{"rendered":"https:\/\/articles.karopharma.com\/2023\/02\/03\/seborrheic-dermatitis\/"},"modified":"2023-02-03T09:58:06","modified_gmt":"2023-02-03T09:58:06","slug":"seborroiskt-dermatit","status":"publish","type":"post","link":"https:\/\/articles.karopharma.com\/sv\/2023\/02\/03\/seborroiskt-dermatit\/","title":{"rendered":"Seborroiskt dermatit"},"content":{"rendered":"\n<div class=\"wp-block-karopharma-free-text pt-large pb-large bg-center bg-cover bg-no-repeat bg-box undefined is-style-transparent\" style=\"background-image:url(https:\/\/articles.karopharma.com\/app\/uploads\/2022\/05\/3793_2.jpeg)\"><div class=\"free-text-wrapper container max-w-small text-left\">\n<h1 class=\"has-text-align-center is-style-heading-large wp-block-heading\" id=\"title\">Seborroiskt dermatit<\/h1>\n\n\n\n<p>Har du fj\u00e4llande fl\u00e4ckar i h\u00e5rbotten? Ih\u00e5llande mj\u00e4ll som bara inte verkar f\u00f6rsvinna? Om ja, kan du ha seborroiskt eksem.<\/p>\n\n\n\n<p>En vanlig hudsjukdom som fr\u00e4mst p\u00e5verkar h\u00e5rbotten, seborroiskt eksem kan l\u00e4tt behandlas och i vissa fall kan det till och med f\u00f6rsvinna av sig sj\u00e4lvt. Om du inte \u00e4r s\u00e4ker p\u00e5 om du har seborroiskt eksem eller ett annat hudproblem, \u00e4r guiden nedan precis vad du beh\u00f6ver.<\/p>\n<\/div><\/div>\n\n\n\n<div class=\"wp-block-karopharma-free-text undefined bg-center bg-contain bg-no-repeat\" style=\"background-image:url()\"><div class=\"free-text-wrapper container max-w-small text-left\">\n<h2 class=\"has-text-align-left is-style-heading-h2 wp-block-heading\">L\u00e4s vidare f\u00f6r att l\u00e4ra dig mer om:<\/h2>\n\n\n\n<ul class=\"is-style-default wp-block-list\"><li><a href=\"#title-1\">Vad \u00e4r seborroiskt dermatit?<\/a><\/li><li><a href=\"#title-2\">Vilka \u00e4r de viktigaste symptomen p\u00e5 seborroiskt dermatit?<\/a><\/li><li><a href=\"#title-3\">Vilka delar av kroppen p\u00e5verkar seborroiskt dermatit?<\/a><\/li><li><a href=\"#title-4\">Vad orsakar seborroiskt dermatit?<\/a><\/li><li><a href=\"#title-5\">Hur diagnostiseras seborroiskt dermatit?<\/a><\/li><li><a href=\"#title-6\">Hur behandlar man seborroiskt dermatit?<\/a><\/li><li><a href=\"#title-7\">Hur man f\u00f6rhindrar seborroiskt dermatit<\/a><\/li><li><a href=\"#title-8\">Hur man lever med seborroiskt dermatit<\/a><\/li><li><a href=\"#title-9\">Vanliga fr\u00e5gor om seborroiskt dermatit<\/a><\/li><\/ul>\n<\/div><\/div>\n\n\n\n<div class=\"wp-block-karopharma-free-text undefined bg-center bg-contain bg-no-repeat  is-style-primary\" style=\"background-image:url()\"><div class=\"free-text-wrapper container max-w-small text-left\">\n<h2 class=\"is-style-heading-h1 wp-block-heading\" id=\"title-1\">Vad \u00e4r seborroiskt dermatit?<\/h2>\n\n\n\n<p>Seborroiskt dermatit \u00e4r en vanlig hudsjukdom som drabbar upp till<a href=\"https:\/\/www.bupa.co.uk\/health-information\/healthy-skin\/seborrhoeic-dermatitis?msclkid=aa1461f2c5ff11ecba73d18cc2083ae5\" target=\"_blank\" rel=\"noreferrer noopener\"> 5 av 100 personer<\/a> i Storbritannien. \u00c4ven om det fr\u00e4mst p\u00e5verkar h\u00e5rbotten, kan du ocks\u00e5 f\u00e5 seborroiskt dermatit p\u00e5 omr\u00e5den i ansiktet, s\u00e5som \u00f6gonlock, \u00f6ron och \u00f6gonbryn, och omr\u00e5den p\u00e5 kroppen.<\/p>\n\n\n\n<p>Seborroiskt dermatit \u00e4r en kronisk eller \u00e5terfallande form av eksem eller dermatit, och det finns b\u00e5de vuxna och infantila former av detta tillst\u00e5nd.<\/p>\n\n\n\n<p><a href=\"https:\/\/eczema.org\/wp-content\/uploads\/Seborrhoeic-dermatitis-in-adults-Sep-19-2.pdf#:~:text=The%20condition%20affects%201-3%25%20of%20the%20adult%20population,years%20for%20men%20and%2040%20years%20for%20women.\" target=\"_blank\" rel=\"noreferrer noopener\">Vuxen seborroiskt dermatit<\/a> tenderar att b\u00f6rja i slutet av ton\u00e5ren, och dess st\u00f6rsta f\u00f6rekomst \u00e4r hos personer i \u00e5ldern 30-60. Det \u00e4r ocks\u00e5 vanligare hos m\u00e4n \u00e4n hos kvinnor.<\/p>\n\n\n\n<p>Om du f\u00f6ds med fet hud \u00e4r det mer sannolikt att du lider av detta hud\u00e5komma. Hos barn kan infantil seborroiskt dermatit drabba sp\u00e4dbarn under 3 m\u00e5naders \u00e5lder men f\u00f6rsvinner vanligtvis av sig sj\u00e4lv vid \u00e5ldern 6 m\u00e5nader upp till 12 m\u00e5nader.<\/p>\n\n\n\n<figure class=\"wp-block-image size-large is-resized\"><img loading=\"lazy\" decoding=\"async\" src=\"https:\/\/articles.karopharma.com\/app\/uploads\/2022\/05\/iStock-1336278720-1024x683.jpg\" alt=\"Man worried for alopecia checking hair for loss\" class=\"wp-image-11455\" width=\"673\" height=\"448\" srcset=\"https:\/\/articles.karopharma.com\/app\/uploads\/2022\/05\/iStock-1336278720-1024x683.jpg 1024w, https:\/\/articles.karopharma.com\/app\/uploads\/2022\/05\/iStock-1336278720-300x200.jpg 300w, https:\/\/articles.karopharma.com\/app\/uploads\/2022\/05\/iStock-1336278720-768x512.jpg 768w, https:\/\/articles.karopharma.com\/app\/uploads\/2022\/05\/iStock-1336278720-1536x1024.jpg 1536w, https:\/\/articles.karopharma.com\/app\/uploads\/2022\/05\/iStock-1336278720-2048x1365.jpg 2048w\" sizes=\"auto, (max-width: 673px) 100vw, 673px\" \/><\/figure>\n<\/div><\/div>\n\n\n\n<div class=\"wp-block-karopharma-free-text undefined bg-center bg-contain bg-no-repeat  is-style-secondary\" style=\"background-image:url()\"><div class=\"free-text-wrapper container max-w-small text-left\">\n<h2 class=\"is-style-heading-h1 wp-block-heading\" id=\"title-2\">Vilka \u00e4r de viktigaste symptomen p\u00e5 seborroiskt dermatit?<\/h2>\n\n\n\n<p>De vanligaste symtomen p\u00e5 seborroiskt dermatit \u00e4r:<\/p>\n\n\n\n<ul class=\"is-style-default wp-block-list\"><li>Hudflagor i h\u00e5rbotten, h\u00e5ret, \u00f6gonbrynen eller sk\u00e4gget<\/li><li>R\u00f6d hud i h\u00e5rbotten, ansiktet eller br\u00f6stet<\/li><li>Kliande hud<\/li><li>Fl\u00e4ckar av fet hud som \u00e4r t\u00e4ckt med vita eller gula fj\u00e4ll eller skorpor<\/li><li>Blefarit. Detta \u00e4r ett seborroiskt dermatit \u00f6gonlockssymptom som visar sig som fj\u00e4llande rodnad p\u00e5 \u00f6gonlockens kanter.<\/li><\/ul>\n\n\n\n<p>Det \u00e4r v\u00e4rt att notera att mild seborroisk dermatit kanske inte har alla ovanst\u00e5ende symtom, men med sv\u00e5r seborroisk dermatit kommer du sannolikt att uppleva mer \u00e4n ett av dessa vanliga tecken. Dina symtom \u00e4r sannolikt mycket mer m\u00e4rkbara.<\/p>\n\n\n\n<figure class=\"wp-block-image size-large is-style-rounded\"><img loading=\"lazy\" decoding=\"async\" width=\"1024\" height=\"683\" src=\"https:\/\/articles.karopharma.com\/app\/uploads\/2022\/05\/iStock-1270415974-1024x683.jpg\" alt=\"seborrheic dermatitis\" class=\"wp-image-11477\" srcset=\"https:\/\/articles.karopharma.com\/app\/uploads\/2022\/05\/iStock-1270415974-1024x683.jpg 1024w, https:\/\/articles.karopharma.com\/app\/uploads\/2022\/05\/iStock-1270415974-300x200.jpg 300w, https:\/\/articles.karopharma.com\/app\/uploads\/2022\/05\/iStock-1270415974-768x512.jpg 768w, https:\/\/articles.karopharma.com\/app\/uploads\/2022\/05\/iStock-1270415974-1536x1024.jpg 1536w, https:\/\/articles.karopharma.com\/app\/uploads\/2022\/05\/iStock-1270415974-2048x1365.jpg 2048w\" sizes=\"auto, (max-width: 1024px) 100vw, 1024px\" \/><\/figure>\n<\/div><\/div>\n\n\n\n<div class=\"wp-block-karopharma-free-text undefined bg-center bg-contain bg-no-repeat  is-style-primary\" style=\"background-image:url()\"><div class=\"free-text-wrapper container max-w-small text-left\">\n<h2 class=\"is-style-heading-h1 wp-block-heading\" id=\"title-3\">Vilka delar av kroppen p\u00e5verkar seborroiskt dermatit?<\/h2>\n\n\n\n<p>Seborroiskt dermatit kan p\u00e5verka m\u00e5nga delar av ditt ansikte och kropp. N\u00e5gra av de <a href=\"https:\/\/www.pcds.org.uk\/clinical-guidance\/seborrhoeic-eczema#!pp%5Bg1%5D\/4\/?msclkid=cba393bbc6b811ecbf3213e9608f66e7\" target=\"_blank\" rel=\"noreferrer noopener\">vanligaste omr\u00e5dena som drabbats av seborroiskt dermatit<\/a> \u00e4r:<\/p>\n\n\n\n<ul class=\"is-style-default wp-block-list\"><li>Seborroiskt dermatit i h\u00e5rbotten<\/li><li>Seborroiskt dermatit ansikte<\/li><li>Seborroiskt dermatit \u00f6ra<\/li><li>Seborroiskt dermatit n\u00e4sa<\/li><li>Seborroiskt dermatit \u00f6gonlock<\/li><li>Seborroiskt dermatit \u00f6gonbryn<\/li><li>Seborroiskt dermatit pannan<\/li><li>Seborroiskt dermatit i halsen<\/li><\/ul>\n\n\n\n<p>Vissa m\u00e4nniskor upplever ocks\u00e5 seborroiskt dermatit i armh\u00e5lan och seborroiskt dermatit i ljumsken.<\/p>\n<\/div><\/div>\n\n\n\n<div class=\"wp-block-karopharma-free-text undefined bg-center bg-contain bg-no-repeat  is-style-secondary\" style=\"background-image:url()\"><div class=\"free-text-wrapper container max-w-small text-left\">\n<h2 class=\"is-style-heading-h1 wp-block-heading\" id=\"title-4\">Vad orsakar seborroiskt dermatit?<\/h2>\n\n\n\n<p>The exact cause of seborrheic dermatitis is still unknown. However, medical professionals believe that the<a href=\"https:\/\/nationaleczema.org\/eczema\/types-of-eczema\/seborrheic-dermatitis\/?msclkid=54fcbeb3c6b811ecb738d139d1fa6069\"> causes of seborrheic dermatitis<\/a> are linked to:<\/p>\n\n\n\n<h3 class=\"is-style-heading-h4 wp-block-heading\">J\u00e4st<\/h3>\n\n\n\n<p>Malassezia, som \u00e4r en typ av j\u00e4st eller svamp som naturligt lever i hudens oljek\u00f6rtlar, \u00e4r en m\u00f6jlig orsak till seborroiskt dermatit. Man tror att personer med denna hudsjukdom har ett onormalt immunsvar mot denna j\u00e4st vilket resulterar i en \u00f6verv\u00e4xt.<\/p>\n\n\n\n<h3 class=\"is-style-heading-h4 wp-block-heading\">Immunitet<\/h3>\n\n\n\n<p>Om du har ett undertryckt immunf\u00f6rsvar \u00e4r det mer sannolikt att du utvecklar seborroiskt dermatit. Om du till exempel har hiv, har genomg\u00e5tt en organtransplantation eller har vissa cancerformer, kan du uppleva seborroiskt dermatit.<\/p>\n\n\n\n<h3 class=\"is-style-heading-h4 wp-block-heading\">Klimat<\/h3>\n\n\n\n<p>Din geografiska plats kan p\u00e5verka din sannolikhet att f\u00e5 seborroiskt eksem. Mer specifikt, om du bor i ett kallt, torrt omr\u00e5de \u00e4r du mer utsatt. Du \u00e4r ocks\u00e5 mer ben\u00e4gen att utveckla detta tillst\u00e5nd om du flyttar till ett nytt klimat.<\/p>\n\n\n\n<h3 class=\"is-style-heading-h4 wp-block-heading\">Stress<\/h3>\n\n\n\n<p>Stress \u00e4r en vanlig faktor hos personer med seborroiskt dermatit, och det kan ocks\u00e5 f\u00e5 dina symtom att blossa upp. Om du b\u00f6rjar m\u00e4rka n\u00e5gra tecken p\u00e5 detta tillst\u00e5nd kan det vara en bra id\u00e9 att f\u00f6rs\u00f6ka s\u00e4nka dina stressniv\u00e5er.<\/p>\n\n\n\n<h3 class=\"is-style-heading-h4 wp-block-heading\">\u00d6vergripande h\u00e4lsa<\/h3>\n\n\n\n<p>Det finns vissa h\u00e4lsotillst\u00e5nd som g\u00f6r dig mer ben\u00e4gen att utveckla seborroiskt dermatit, inklusive hj\u00e4rtsjukdomar, stroke, diabetes, Parkinsons, depression och fetma.<\/p>\n\n\n\n<p>Om du har en \u00e4tst\u00f6rning eller alkoholism \u00e4r du ocks\u00e5 mer utsatt.<\/p>\n\n\n\n<h3 class=\"is-style-heading-h4 wp-block-heading\">Vissa mediciner<\/h3>\n\n\n\n<p>Om du tar vissa mediciner som litium, buspiron, Haldol och klorpromazin \u00e4r du mer mottaglig f\u00f6r seborroiskt dermatit. Andra l\u00e4kemedel som ocks\u00e5 \u00f6kar din risk inkluderar interferon, psoralen och tuberkulosl\u00e4kemedlet ethionamid.<\/p>\n\n\n\n<h3 class=\"is-style-heading-h4 wp-block-heading\">Starka kemikalier<\/h3>\n\n\n\n<p>Om du anv\u00e4nder starka reng\u00f6ringsmedel, kemikalier eller tv\u00e5l i h\u00e5rbotten och andra hudomr\u00e5den, kan detta orsaka seborroiskt dermatit. Om du redan har detta tillst\u00e5nd kan dessa kemikalier f\u00f6rv\u00e4rra dina symtom.<\/p>\n<\/div><\/div>\n\n\n\n<div class=\"wp-block-karopharma-free-text undefined bg-center bg-contain bg-no-repeat  is-style-transparent\" style=\"background-image:url()\"><div class=\"free-text-wrapper container max-w-small text-left\">\n<h2 class=\"is-style-heading-h1 wp-block-heading\" id=\"title-5\">Hur diagnostiseras seborroiskt dermatit?<\/h2>\n\n\n\n<p>Seborroiskt eksem \u00e4r l\u00e4tt att diagnostisera p\u00e5 grund av dess m\u00e4rkbara symtom i h\u00e5rbotten och huden.<\/p>\n\n\n\n<p>Om du har haft seborroiskt dermatit tidigare och du k\u00e4nner igen symtomen p\u00e5 detta tillst\u00e5nd beh\u00f6ver du inte tr\u00e4ffa din l\u00e4kare. Leta ist\u00e4llet efter en receptfri behandling som Locobase, som kan hj\u00e4lpa till att lindra dina symtom och eventuella obehag.<\/p>\n\n\n\n<p>Om du \u00e4r os\u00e4ker p\u00e5 om du har seborroiskt dermatit eller annan hudsjukdom kan du boka tid hos din l\u00e4kare eller hudl\u00e4kare f\u00f6r en officiell diagnos.<\/p>\n\n\n\n<p>Du beh\u00f6ver inte ge ett blod- eller urinprov f\u00f6r diagnos av seborroiskt dermatit och du beh\u00f6ver inte genomg\u00e5 n\u00e5gra allergitester.<\/p>\n\n\n\n<p>I vissa fall kan din l\u00e4kare eller hudl\u00e4kare be om att f\u00e5 ta en hudbiopsi f\u00f6r att utesluta allvarligare tillst\u00e5nd. Detta \u00e4r icke-invasivt och sm\u00e4rtfritt.<\/p>\n\n\n\n<figure class=\"wp-block-image size-large\"><img loading=\"lazy\" decoding=\"async\" width=\"1024\" height=\"683\" src=\"https:\/\/articles.karopharma.com\/app\/uploads\/2022\/05\/iStock-1319031310-1024x683.jpg\" alt=\"Doctor writing a medical prescription\" class=\"wp-image-11199\" srcset=\"https:\/\/articles.karopharma.com\/app\/uploads\/2022\/05\/iStock-1319031310-1024x683.jpg 1024w, https:\/\/articles.karopharma.com\/app\/uploads\/2022\/05\/iStock-1319031310-300x200.jpg 300w, https:\/\/articles.karopharma.com\/app\/uploads\/2022\/05\/iStock-1319031310-768x513.jpg 768w, https:\/\/articles.karopharma.com\/app\/uploads\/2022\/05\/iStock-1319031310-1536x1025.jpg 1536w, https:\/\/articles.karopharma.com\/app\/uploads\/2022\/05\/iStock-1319031310-2048x1367.jpg 2048w\" sizes=\"auto, (max-width: 1024px) 100vw, 1024px\" \/><\/figure>\n<\/div><\/div>\n\n\n\n<div class=\"wp-block-karopharma-free-text undefined bg-center bg-contain bg-no-repeat  is-style-primary\" style=\"background-image:url()\"><div class=\"free-text-wrapper container max-w-small text-left\">\n<h2 class=\"is-style-heading-h1 wp-block-heading\" id=\"title-6\">Hur behandlar man seborroiskt dermatit?<\/h2>\n\n\n\n<p>Det finns flera<a href=\"https:\/\/northeast.devonformularyguidance.nhs.uk\/formulary\/chapters\/13.-skin\/seborrhoeic-dermatitis?msclkid=a3ebcd25c6b711ec9687592abfde58d0\"> behandlingsalternativ<\/a> f\u00f6r seborroiskt dermatit, beroende p\u00e5 hur allvarliga dina symtom \u00e4r. Hos de flesta ton\u00e5ringar och vuxna beh\u00f6vs behandling f\u00f6r detta tillst\u00e5nd. Men hos sp\u00e4dbarn f\u00f6rsvinner seborroiskt dermatit vanligtvis av sig sj\u00e4lvt. N\u00e5gra av de mest effektiva behandlingarna f\u00f6r seborroiskt dermatit \u00e4r f\u00f6ljande:<\/p>\n\n\n\n<h3 class=\"is-style-heading-h4 wp-block-heading\">F\u00f6r milda fall av seborroiskt dermatit<\/h3>\n\n\n\n<p>Du kan anv\u00e4nda en receptfri kr\u00e4m som till exempel Locobase, som appliceras direkt p\u00e5 de drabbade omr\u00e5dena. Denna behandling \u00e4r designad f\u00f6r torr och mycket torr hud och passar alla omr\u00e5den i ansiktet och kroppen. Du beh\u00f6ver inget recept f\u00f6r denna behandling av seborroiskt dermatit, och den finns p\u00e5 de flesta apotek och online.<\/p>\n\n\n\n<p>F\u00f6r l\u00e5ngvarig anv\u00e4ndning kan din l\u00e4kare ordinera ett antisvampschampo till dig som inneh\u00e5ller ciklopirox eller ketokonazol. Dessa kan anv\u00e4ndas dagligen i flera veckor tills dina symtom har f\u00f6rsvunnit.<\/p>\n\n\n\n<p>Du kanske ocks\u00e5 vill prova topikala kortikosteroider eller kalciumh\u00e4mmare som kan appliceras p\u00e5 ansikte och kropp.<\/p>\n\n\n\n<h3 class=\"is-style-heading-h4 wp-block-heading\">F\u00f6r m\u00e5ttliga till sv\u00e5ra fall av seborroiskt dermatit<\/h3>\n\n\n\n<p>Om dina symtom \u00e4r mer allvarliga och du har haft liten framg\u00e5ng med receptfria behandlingar kan det vara en bra id\u00e9 att boka tid hos din l\u00e4kare eller en hudl\u00e4kare.<\/p>\n\n\n\n<p>F\u00f6r det f\u00f6rsta kommer de att kunna ta ett hudprov f\u00f6r att avg\u00f6ra om du har seborroiskt dermatit eller ett annat hud- eller h\u00e4lsotillst\u00e5nd. Om du har seborroiskt dermatit, kommer din l\u00e4kare sannolikt att rekommendera en l\u00e5ngvarig behandling, inklusive schampon mot svamp och aktuella kr\u00e4mer.<\/p>\n\n\n\n<p>De kan ocks\u00e5 f\u00f6resl\u00e5 att du \u00e4ndrar din livsstil f\u00f6r att hj\u00e4lpa dig att hantera ditt tillst\u00e5nd, som att sluta alkohol, hantera dina stressniv\u00e5er och eliminera anv\u00e4ndningen av starka tv\u00e4ttmedel eller badprodukter som inneh\u00e5ller kemikalier.<\/p>\n\n\n\n<h3 class=\"is-style-heading-h4 wp-block-heading\">Mj\u00f6lskorv<\/h3>\n\n\n\n<p>Om ditt barn har seborroiskt dermatit, kan du prova att anv\u00e4nda olivolja eller vegetabilisk olja i h\u00e5rbotten. Detta kan hj\u00e4lpa till att mjuka upp omr\u00e5det och g\u00f6ra huden mindre flagnande.<\/p>\n\n\n\n<p>Om de har tjocka fj\u00e4ll, kanske du vill l\u00e4mna oljan p\u00e5 \u00f6ver natten och sedan f\u00f6rsiktigt tv\u00e4tta ur den med babyschampo p\u00e5 morgonen.<\/p>\n<\/div><\/div>\n\n\n\n<div class=\"wp-block-karopharma-free-text undefined bg-center bg-contain bg-no-repeat  is-style-secondary\" style=\"background-image:url()\"><div class=\"free-text-wrapper container max-w-small text-left\">\n<h2 class=\"is-style-heading-h1 wp-block-heading\" id=\"title-7\">Hur f\u00f6rhindrar man seborroiskt dermatit?<\/h2>\n\n\n\n<p>Om orsaken till din seborroiska dermatit \u00e4r genetisk, kan du inte f\u00f6rhindra detta tillst\u00e5nd. Faktum \u00e4r att de flesta orsaker till seborroiskt dermatit inte kan f\u00f6rhindras.<\/p>\n\n\n\n<p>Med detta sagt finns det \u00e5tg\u00e4rder du kan vidta f\u00f6r att minska risken f\u00f6r uppblossningar och minimera dina symtom. Dessa inkluderar:<\/p>\n\n\n\n<ul class=\"is-style-default wp-block-list\"><li>Anv\u00e4nd inte lotioner och kr\u00e4mer som inneh\u00e5ller alkohol<\/li><li>H\u00e5ll en h\u00e4lsosam vikt<\/li><li>F\u00e5 mycket s\u00f6mn<\/li><li>Hantera dina stressniv\u00e5er<\/li><li>Ut\u00f6va s\u00e4kert sex f\u00f6r att f\u00f6rhindra HIV seborroiskt eksem<\/li><li>Anv\u00e4nd specialiserade hudv\u00e5rdsprodukter<\/li><\/ul>\n\n\n\n<figure class=\"wp-block-image size-large\"><img loading=\"lazy\" decoding=\"async\" width=\"1024\" height=\"683\" src=\"https:\/\/articles.karopharma.com\/app\/uploads\/2022\/05\/iStock-1299887977-1024x683.jpg\" alt=\"calm\" class=\"wp-image-11499\" srcset=\"https:\/\/articles.karopharma.com\/app\/uploads\/2022\/05\/iStock-1299887977-1024x683.jpg 1024w, https:\/\/articles.karopharma.com\/app\/uploads\/2022\/05\/iStock-1299887977-300x200.jpg 300w, https:\/\/articles.karopharma.com\/app\/uploads\/2022\/05\/iStock-1299887977-768x512.jpg 768w, https:\/\/articles.karopharma.com\/app\/uploads\/2022\/05\/iStock-1299887977-1536x1024.jpg 1536w, https:\/\/articles.karopharma.com\/app\/uploads\/2022\/05\/iStock-1299887977-2048x1366.jpg 2048w\" sizes=\"auto, (max-width: 1024px) 100vw, 1024px\" \/><\/figure>\n<\/div><\/div>\n\n\n\n<div class=\"wp-block-karopharma-free-text undefined bg-center bg-contain bg-no-repeat  is-style-transparent\" style=\"background-image:url()\"><div class=\"free-text-wrapper container max-w-small text-left\">\n<h2 class=\"is-style-heading-h1 wp-block-heading\" id=\"title-8\">Hur lever man med seborroiskt dermatit?<\/h2>\n\n\n\n<p>Om du har seborroiskt dermatit kan du uppleva problem som l\u00e5g sj\u00e4lvk\u00e4nsla, depression och\/eller pinsamhetsk\u00e4nslor. Som ett livsl\u00e5ngt tillst\u00e5nd som kan hanteras men inte alltid botas, kan seborroiskt dermatit orsaka mycket k\u00e4nslom\u00e4ssigt lidande . Om du k\u00e4mpar med din mentala h\u00e4lsa till f\u00f6ljd av ditt tillst\u00e5nd, finns det<a href=\"https:\/\/mentalhealth-uk.org\/?msclkid=3de9360dc6b911ec8d1d7875376400d9\"> v\u00e4lg\u00f6renhetsorganisationer<\/a> som kan hj\u00e4lpa dig.<\/p>\n<\/div><\/div>\n\n\n\n<div class=\"wp-block-karopharma-free-text pt-large pb-none bg-center bg-contain bg-no-repeat  undefined is-style-primary\" style=\"background-image:url()\"><div class=\"free-text-wrapper container max-w-small text-left\">\n<h2 class=\"is-style-heading-h2 wp-block-heading\" id=\"title-9\">Seborroiskt dermatit FAQ<\/h2>\n<\/div><\/div>\n\n\n\n<div class=\"wp-block-karopharma-accordions is-style-primary\"><div class=\"container\">\n<details class=\"wp-block-karopharma-accordion\"><summary><h2 class=\"accordion-title\">Orsakas seborroiskt dermatit av d\u00e5lig hygien?<\/h2><\/summary><div class=\"accordion-content\">\n<p class=\"is-style-paragraph-body-text\">Nej, seborroiskt dermatit orsakas inte av d\u00e5lig hygien. De vanligaste orsakerna till seborroiskt dermatit \u00e4r undertryckt immunitet, \u00f6verv\u00e4xt av j\u00e4st och vissa medicinska tillst\u00e5nd och mediciner.<\/p>\n<\/div><\/details>\n\n\n\n<details class=\"wp-block-karopharma-accordion\"><summary><h2 class=\"accordion-title\">Vad d\u00f6dar seborroiskt eksem?<\/h2><\/summary><div class=\"accordion-content\">\n<p class=\"is-style-paragraph-body-text\">De mest effektiva behandlingarna f\u00f6r seborroiskt dermatit \u00e4r receptfria kr\u00e4mer som Locobase, kortikoidgeler och schampon mot svamp. Det \u00e4r ocks\u00e5 en bra id\u00e9 att f\u00f6rs\u00f6ka hantera dina stressniv\u00e5er eftersom stress kan g\u00f6ra dina symtom v\u00e4rre.<\/p>\n<\/div><\/details>\n\n\n\n<details class=\"wp-block-karopharma-accordion\"><summary><h2 class=\"accordion-title\">Vad g\u00f6r att seborroiskt dermatit f\u00f6rv\u00e4rras?<\/h2><\/summary><div class=\"accordion-content\">\n<p class=\"is-style-paragraph-body-text\">Stress kan g\u00f6ra seborroiskt dermatit v\u00e4rre och kan orsaka en uppblossning. Andra faktorer som \u00f6vervikt och \u00f6verdrivet alkoholkonsumtion kan ocks\u00e5 f\u00f6rv\u00e4rra dina symtom.<\/p>\n<\/div><\/details>\n\n\n\n<details class=\"wp-block-karopharma-accordion\"><summary><h2 class=\"accordion-title\">Hur fixar man seborroiskt dermatit?<\/h2><\/summary><div class=\"accordion-content\">\n<p class=\"is-style-paragraph-body-text\">Hos m\u00e5nga m\u00e4nniskor \u00e4r seborroiskt dermatit ett l\u00e5ngvarigt tillst\u00e5nd som kan hanteras snarare \u00e4n botas. Vissa livsstilsf\u00f6r\u00e4ndringar som att g\u00e5 ner i vikt, sluta alkohol och f\u00e5 tillr\u00e4ckligt med s\u00f6mn kan alla bidra till att f\u00f6rb\u00e4ttra detta tillst\u00e5nd. Du kanske ocks\u00e5 vill prova receptfria medel som Locobase, som \u00e4r en aktuell kr\u00e4m eller ett svampd\u00f6dande schampo f\u00f6r din h\u00e5rbotten.<\/p>\n<\/div><\/details>\n\n\n\n<details class=\"wp-block-karopharma-accordion\"><summary><h2 class=\"accordion-title\">Vilka livsmedel utl\u00f6ser seborroiskt dermatit?<\/h2><\/summary><div class=\"accordion-content\">\n<p class=\"is-style-paragraph-body-text\">\u00c4ven om kosten inte spelar n\u00e5gon stor roll i utvecklingen av seborroiskt dermatit, finns det vissa livsmedel som kan g\u00f6ra dina symtom v\u00e4rre. Dessa inkluderar ost, tofu, br\u00f6d, kakor, kex, ketchup och salta snacks som chips.<\/p>\n<\/div><\/details>\n\n\n\n<details class=\"wp-block-karopharma-accordion\"><summary><h2 class=\"accordion-title\">Vad \u00e4r skillnaden mellan seborroiskt dermatit och psoriasis?<\/h2><\/summary><div class=\"accordion-content\">\n<p>\u00c4ven om b\u00e5de seborroiskt dermatit och psoriasis \u00e4r vanliga tillst\u00e5nd som p\u00e5verkar huden, har de lite olika symtom. Psoriasis tenderar att visa tjockare fj\u00e4ll i h\u00e5rbotten \u00e4n seborroiskt dermatit, och det drabbar vanligtvis flera delar av kroppen s\u00e5som armb\u00e5gar, kn\u00e4n, h\u00e4nder eller f\u00f6tter. gula fj\u00e4ll, medan psoriasisfj\u00e4ll tenderar att vara flagnande.<\/p>\n<\/div><\/details>\n<\/div><\/div>\n\n\n<div class=\"product-list wp-block-karopharma-product-list\" data-testid=\"product-list\">\n      <p class=\"hidden\">No products found<\/p>\n  <\/div>\n","protected":false},"excerpt":{"rendered":"","protected":false},"author":3,"featured_media":11476,"comment_status":"closed","ping_status":"closed","sticky":false,"template":"","format":"standard","meta":{"_acf_changed":false,"footnotes":""},"categories":[773],"tags":[92],"class_list":["post-26657","post","type-post","status-publish","format-standard","has-post-thumbnail","hentry","category-hudsjukdomar-sv","tag-locobase"],"acf":[],"yoast_head":"<!-- This site is optimized with the Yoast SEO plugin v26.6 - https:\/\/yoast.com\/wordpress\/plugins\/seo\/ -->\n<title>Seborrheic dermatitis symptoms and causes<\/title>\n<meta name=\"description\" content=\"Think you may have seborrheic dermatitis? Discover the most common seborrheic dermatitis symptoms, seborrheic dermatitis causes, and treatments.\" \/>\n<meta name=\"robots\" content=\"noindex, follow, max-snippet:-1, max-image-preview:large, max-video-preview:-1\" \/>\n<meta property=\"og:locale\" content=\"sv_SE\" \/>\n<meta property=\"og:type\" content=\"article\" \/>\n<meta property=\"og:title\" content=\"Seborrheic dermatitis symptoms and causes\" \/>\n<meta property=\"og:description\" content=\"Think you may have seborrheic dermatitis? Discover the most common seborrheic dermatitis symptoms, seborrheic dermatitis causes, and treatments.\" \/>\n<meta property=\"og:url\" content=\"https:\/\/articles.karopharma.com\/sv\/2023\/02\/03\/seborroiskt-dermatit\/\" \/>\n<meta property=\"og:site_name\" content=\"Article Database |\u00a0Karo Pharma\" \/>\n<meta property=\"article:published_time\" content=\"2023-02-03T06:55:04+00:00\" \/>\n<meta property=\"article:modified_time\" content=\"2023-02-03T09:58:06+00:00\" \/>\n<meta property=\"og:image\" content=\"https:\/\/articles.karopharma.com\/app\/uploads\/2022\/05\/iStock-1336278720-scaled.jpg\" \/>\n\t<meta property=\"og:image:width\" content=\"2560\" \/>\n\t<meta property=\"og:image:height\" content=\"1707\" \/>\n\t<meta property=\"og:image:type\" content=\"image\/jpeg\" \/>\n<meta name=\"author\" content=\"Digital Karo Pharma\" \/>\n<meta name=\"twitter:card\" content=\"summary_large_image\" \/>\n<meta name=\"twitter:label1\" content=\"Written by\" \/>\n\t<meta name=\"twitter:data1\" content=\"Digital Karo Pharma\" \/>\n\t<meta name=\"twitter:label2\" content=\"Est. reading time\" \/>\n\t<meta name=\"twitter:data2\" content=\"8 minutes\" \/>\n<script type=\"application\/ld+json\" class=\"yoast-schema-graph\">{\"@context\":\"https:\/\/schema.org\",\"@graph\":[{\"@type\":\"WebPage\",\"@id\":\"https:\/\/articles.karopharma.com\/sv\/2023\/02\/03\/seborroiskt-dermatit\/\",\"url\":\"https:\/\/articles.karopharma.com\/sv\/2023\/02\/03\/seborroiskt-dermatit\/\",\"name\":\"Seborrheic dermatitis symptoms and causes\",\"isPartOf\":{\"@id\":\"https:\/\/articles.karopharma.com\/sv\/#website\"},\"primaryImageOfPage\":{\"@id\":\"https:\/\/articles.karopharma.com\/sv\/2023\/02\/03\/seborroiskt-dermatit\/#primaryimage\"},\"image\":{\"@id\":\"https:\/\/articles.karopharma.com\/sv\/2023\/02\/03\/seborroiskt-dermatit\/#primaryimage\"},\"thumbnailUrl\":\"https:\/\/articles.karopharma.com\/app\/uploads\/2022\/05\/iStock-1336278720-scaled.jpg\",\"datePublished\":\"2023-02-03T06:55:04+00:00\",\"dateModified\":\"2023-02-03T09:58:06+00:00\",\"author\":{\"@id\":\"https:\/\/articles.karopharma.com\/sv\/#\/schema\/person\/10cde8b1f0d035d4d5bdfffbc4de7469\"},\"description\":\"Think you may have seborrheic dermatitis? Discover the most common seborrheic dermatitis symptoms, seborrheic dermatitis causes, and treatments.\",\"breadcrumb\":{\"@id\":\"https:\/\/articles.karopharma.com\/sv\/2023\/02\/03\/seborroiskt-dermatit\/#breadcrumb\"},\"inLanguage\":\"sv-SE\",\"potentialAction\":[{\"@type\":\"ReadAction\",\"target\":[\"https:\/\/articles.karopharma.com\/sv\/2023\/02\/03\/seborroiskt-dermatit\/\"]}]},{\"@type\":\"ImageObject\",\"inLanguage\":\"sv-SE\",\"@id\":\"https:\/\/articles.karopharma.com\/sv\/2023\/02\/03\/seborroiskt-dermatit\/#primaryimage\",\"url\":\"https:\/\/articles.karopharma.com\/app\/uploads\/2022\/05\/iStock-1336278720-scaled.jpg\",\"contentUrl\":\"https:\/\/articles.karopharma.com\/app\/uploads\/2022\/05\/iStock-1336278720-scaled.jpg\",\"width\":2560,\"height\":1707,\"caption\":\"Man worried for alopecia checking hair for loss\"},{\"@type\":\"BreadcrumbList\",\"@id\":\"https:\/\/articles.karopharma.com\/sv\/2023\/02\/03\/seborroiskt-dermatit\/#breadcrumb\",\"itemListElement\":[{\"@type\":\"ListItem\",\"position\":1,\"name\":\"Home\",\"item\":\"https:\/\/articles.karopharma.com\/sv\/\"},{\"@type\":\"ListItem\",\"position\":2,\"name\":\"Seborroiskt dermatit\"}]},{\"@type\":\"WebSite\",\"@id\":\"https:\/\/articles.karopharma.com\/sv\/#website\",\"url\":\"https:\/\/articles.karopharma.com\/sv\/\",\"name\":\"Article Database |\u00a0Karo Pharma\",\"description\":\"\",\"potentialAction\":[{\"@type\":\"SearchAction\",\"target\":{\"@type\":\"EntryPoint\",\"urlTemplate\":\"https:\/\/articles.karopharma.com\/sv\/?s={search_term_string}\"},\"query-input\":{\"@type\":\"PropertyValueSpecification\",\"valueRequired\":true,\"valueName\":\"search_term_string\"}}],\"inLanguage\":\"sv-SE\"},{\"@type\":\"Person\",\"@id\":\"https:\/\/articles.karopharma.com\/sv\/#\/schema\/person\/10cde8b1f0d035d4d5bdfffbc4de7469\",\"name\":\"Digital Karo Pharma\",\"image\":{\"@type\":\"ImageObject\",\"inLanguage\":\"sv-SE\",\"@id\":\"https:\/\/articles.karopharma.com\/sv\/#\/schema\/person\/image\/\",\"url\":\"https:\/\/secure.gravatar.com\/avatar\/c1b34051c94eaf85bddcab31f59b65f74a4f7cdf8ffba8d546cd473595774fde?s=96&d=mm&r=g\",\"contentUrl\":\"https:\/\/secure.gravatar.com\/avatar\/c1b34051c94eaf85bddcab31f59b65f74a4f7cdf8ffba8d546cd473595774fde?s=96&d=mm&r=g\",\"caption\":\"Digital Karo Pharma\"},\"url\":\"https:\/\/articles.karopharma.com\/sv\/author\/digitalkaropharma-com\/\"}]}<\/script>\n<!-- \/ Yoast SEO plugin. -->","yoast_head_json":{"title":"Seborrheic dermatitis symptoms and causes","description":"Think you may have seborrheic dermatitis? Discover the most common seborrheic dermatitis symptoms, seborrheic dermatitis causes, and treatments.","robots":{"index":"noindex","follow":"follow","max-snippet":"max-snippet:-1","max-image-preview":"max-image-preview:large","max-video-preview":"max-video-preview:-1"},"og_locale":"sv_SE","og_type":"article","og_title":"Seborrheic dermatitis symptoms and causes","og_description":"Think you may have seborrheic dermatitis? Discover the most common seborrheic dermatitis symptoms, seborrheic dermatitis causes, and treatments.","og_url":"https:\/\/articles.karopharma.com\/sv\/2023\/02\/03\/seborroiskt-dermatit\/","og_site_name":"Article Database |\u00a0Karo Pharma","article_published_time":"2023-02-03T06:55:04+00:00","article_modified_time":"2023-02-03T09:58:06+00:00","og_image":[{"width":2560,"height":1707,"url":"https:\/\/articles.karopharma.com\/app\/uploads\/2022\/05\/iStock-1336278720-scaled.jpg","type":"image\/jpeg"}],"author":"Digital Karo Pharma","twitter_card":"summary_large_image","twitter_misc":{"Written by":"Digital Karo Pharma","Est. reading time":"8 minutes"},"schema":{"@context":"https:\/\/schema.org","@graph":[{"@type":"WebPage","@id":"https:\/\/articles.karopharma.com\/sv\/2023\/02\/03\/seborroiskt-dermatit\/","url":"https:\/\/articles.karopharma.com\/sv\/2023\/02\/03\/seborroiskt-dermatit\/","name":"Seborrheic dermatitis symptoms and causes","isPartOf":{"@id":"https:\/\/articles.karopharma.com\/sv\/#website"},"primaryImageOfPage":{"@id":"https:\/\/articles.karopharma.com\/sv\/2023\/02\/03\/seborroiskt-dermatit\/#primaryimage"},"image":{"@id":"https:\/\/articles.karopharma.com\/sv\/2023\/02\/03\/seborroiskt-dermatit\/#primaryimage"},"thumbnailUrl":"https:\/\/articles.karopharma.com\/app\/uploads\/2022\/05\/iStock-1336278720-scaled.jpg","datePublished":"2023-02-03T06:55:04+00:00","dateModified":"2023-02-03T09:58:06+00:00","author":{"@id":"https:\/\/articles.karopharma.com\/sv\/#\/schema\/person\/10cde8b1f0d035d4d5bdfffbc4de7469"},"description":"Think you may have seborrheic dermatitis? Discover the most common seborrheic dermatitis symptoms, seborrheic dermatitis causes, and treatments.","breadcrumb":{"@id":"https:\/\/articles.karopharma.com\/sv\/2023\/02\/03\/seborroiskt-dermatit\/#breadcrumb"},"inLanguage":"sv-SE","potentialAction":[{"@type":"ReadAction","target":["https:\/\/articles.karopharma.com\/sv\/2023\/02\/03\/seborroiskt-dermatit\/"]}]},{"@type":"ImageObject","inLanguage":"sv-SE","@id":"https:\/\/articles.karopharma.com\/sv\/2023\/02\/03\/seborroiskt-dermatit\/#primaryimage","url":"https:\/\/articles.karopharma.com\/app\/uploads\/2022\/05\/iStock-1336278720-scaled.jpg","contentUrl":"https:\/\/articles.karopharma.com\/app\/uploads\/2022\/05\/iStock-1336278720-scaled.jpg","width":2560,"height":1707,"caption":"Man worried for alopecia checking hair for loss"},{"@type":"BreadcrumbList","@id":"https:\/\/articles.karopharma.com\/sv\/2023\/02\/03\/seborroiskt-dermatit\/#breadcrumb","itemListElement":[{"@type":"ListItem","position":1,"name":"Home","item":"https:\/\/articles.karopharma.com\/sv\/"},{"@type":"ListItem","position":2,"name":"Seborroiskt dermatit"}]},{"@type":"WebSite","@id":"https:\/\/articles.karopharma.com\/sv\/#website","url":"https:\/\/articles.karopharma.com\/sv\/","name":"Article Database |\u00a0Karo Pharma","description":"","potentialAction":[{"@type":"SearchAction","target":{"@type":"EntryPoint","urlTemplate":"https:\/\/articles.karopharma.com\/sv\/?s={search_term_string}"},"query-input":{"@type":"PropertyValueSpecification","valueRequired":true,"valueName":"search_term_string"}}],"inLanguage":"sv-SE"},{"@type":"Person","@id":"https:\/\/articles.karopharma.com\/sv\/#\/schema\/person\/10cde8b1f0d035d4d5bdfffbc4de7469","name":"Digital Karo Pharma","image":{"@type":"ImageObject","inLanguage":"sv-SE","@id":"https:\/\/articles.karopharma.com\/sv\/#\/schema\/person\/image\/","url":"https:\/\/secure.gravatar.com\/avatar\/c1b34051c94eaf85bddcab31f59b65f74a4f7cdf8ffba8d546cd473595774fde?s=96&d=mm&r=g","contentUrl":"https:\/\/secure.gravatar.com\/avatar\/c1b34051c94eaf85bddcab31f59b65f74a4f7cdf8ffba8d546cd473595774fde?s=96&d=mm&r=g","caption":"Digital Karo Pharma"},"url":"https:\/\/articles.karopharma.com\/sv\/author\/digitalkaropharma-com\/"}]}},"_links":{"self":[{"href":"https:\/\/articles.karopharma.com\/sv\/wp-json\/wp\/v2\/posts\/26657","targetHints":{"allow":["GET"]}}],"collection":[{"href":"https:\/\/articles.karopharma.com\/sv\/wp-json\/wp\/v2\/posts"}],"about":[{"href":"https:\/\/articles.karopharma.com\/sv\/wp-json\/wp\/v2\/types\/post"}],"author":[{"embeddable":true,"href":"https:\/\/articles.karopharma.com\/sv\/wp-json\/wp\/v2\/users\/3"}],"replies":[{"embeddable":true,"href":"https:\/\/articles.karopharma.com\/sv\/wp-json\/wp\/v2\/comments?post=26657"}],"version-history":[{"count":10,"href":"https:\/\/articles.karopharma.com\/sv\/wp-json\/wp\/v2\/posts\/26657\/revisions"}],"predecessor-version":[{"id":26690,"href":"https:\/\/articles.karopharma.com\/sv\/wp-json\/wp\/v2\/posts\/26657\/revisions\/26690"}],"wp:featuredmedia":[{"embeddable":true,"href":"https:\/\/articles.karopharma.com\/sv\/wp-json\/wp\/v2\/media\/11476"}],"wp:attachment":[{"href":"https:\/\/articles.karopharma.com\/sv\/wp-json\/wp\/v2\/media?parent=26657"}],"wp:term":[{"taxonomy":"category","embeddable":true,"href":"https:\/\/articles.karopharma.com\/sv\/wp-json\/wp\/v2\/categories?post=26657"},{"taxonomy":"post_tag","embeddable":true,"href":"https:\/\/articles.karopharma.com\/sv\/wp-json\/wp\/v2\/tags?post=26657"}],"curies":[{"name":"wp","href":"https:\/\/api.w.org\/{rel}","templated":true}]}}