{"id":27342,"date":"2023-02-22T07:48:03","date_gmt":"2023-02-22T07:48:03","guid":{"rendered":"https:\/\/articles.karopharma.com\/?p=27342"},"modified":"2023-02-23T06:50:00","modified_gmt":"2023-02-23T06:50:00","slug":"unas-agrietadas","status":"publish","type":"post","link":"https:\/\/articles.karopharma.com\/es\/2023\/02\/22\/unas-agrietadas\/","title":{"rendered":"U\u00f1as agrietadas"},"content":{"rendered":"\n<div class=\"wp-block-karopharma-free-text pt-large pb-large bg-center bg-cover bg-no-repeat bg-box bg small\" style=\"background-image:url(https:\/\/articles.karopharma.com\/app\/uploads\/2022\/04\/pexels-ekaterina-belinskaya-4672037-1-scaled.jpg)\"><div class=\"free-text-wrapper container max-w-small text-left\">\n<h1 class=\"has-text-align-center is-style-heading-large wp-block-heading\" id=\"title\">U\u00f1as agrietadas<\/h1>\n\n\n\n<p>\u00bfTen\u00edas las u\u00f1as sanas y ahora est\u00e1n astilladas, partidas y rotas?<\/p>\n\n\n\n<p>En realidad, tener las u\u00f1as agrietadas es mucho m\u00e1s com\u00fan de lo que uno piensa, y puede ocurrir a todas las edades, aunque es m\u00e1s frecuente a partir de los 60 a\u00f1os.<\/p>\n\n\n\n<p>Conocidas en el mundo de la medicina como onicosquicia, las u\u00f1as quebradizas o agrietadas no solo son desagradables a la vista, sino que pueden ser un signo de una afecci\u00f3n m\u00e1s grave.<\/p>\n\n\n\n<p>Si te preocupa tener las u\u00f1as agrietadas, la siguiente gu\u00eda te puede ayudar a determinar qu\u00e9 ha provocado el agrietamiento y c\u00f3mo puedes tratar eficazmente el problema.<\/p>\n<\/div><\/div>\n\n\n\n<div class=\"wp-block-karopharma-free-text pt-large pb-large bg-center bg-cover bg-no-repeat  small\" style=\"background-image:url()\"><div class=\"free-text-wrapper container max-w-small text-left\">\n<h2 class=\"has-text-align-left is-style-heading-h2 wp-block-heading\">Sigue leyendo para descubrirlo:<\/h2>\n\n\n\n<ul class=\"is-style-default wp-block-list\"><li><a href=\"#cracked\">\u00bfQu\u00e9 son las u\u00f1as agrietadas?<\/a><\/li><li><a href=\"#symptoms\">S\u00edntomas<\/a><\/li><li><a href=\"#causes\">Causas<\/a><\/li><li><a href=\"#treat\">Tratamiento<\/a><\/li><li><a href=\"#prevent\">Prevenir las u\u00f1as agrietadas<\/a><\/li><li><a href=\"#faq\">FAQ<\/a><\/li><\/ul>\n<\/div><\/div>\n\n\n\n<div class=\"wp-block-karopharma-free-text pt-large pb-large bg-center bg-cover bg-no-repeat  small is-style-primary\" style=\"background-image:url()\" id=\"cracked\"><div class=\"free-text-wrapper container max-w-small text-left\">\n<h2 class=\"is-style-heading-h1 wp-block-heading\" id=\"title-1\">\u00bfQu\u00e9 son las u\u00f1as agrietadas?<\/h2>\n\n\n\n<p>Como su nombre indica, las u\u00f1as agrietadas han empezado a abrirse, a partirse, a astillarse o se han vuelto quebradizas. Tanto las u\u00f1as de las manos como las de los pies pueden agrietarse.<\/p>\n\n\n\n<p>A diferencia de las u\u00f1as sanas, que deben ser lisas y sin estr\u00edas, las agrietadas pueden presentar hoyos o surcos y no son lisas al tacto.<\/p>\n\n\n\n<p>Aunque puede pasarnos a todos, hay que decir que las mujeres son m\u00e1s propensas que los hombres, y los adultos mayores de 50 a\u00f1os tambi\u00e9n son m\u00e1s propensos a tenerlas.<\/p>\n\n\n\n<figure class=\"wp-block-image size-large\"><img loading=\"lazy\" decoding=\"async\" width=\"1024\" height=\"683\" src=\"https:\/\/articles.karopharma.com\/app\/uploads\/2022\/04\/pexels-roman-odintsov-4870841-1024x683.jpg\" alt=\"symptoms\" class=\"wp-image-796\" srcset=\"https:\/\/articles.karopharma.com\/app\/uploads\/2022\/04\/pexels-roman-odintsov-4870841-1024x683.jpg 1024w, https:\/\/articles.karopharma.com\/app\/uploads\/2022\/04\/pexels-roman-odintsov-4870841-300x200.jpg 300w, https:\/\/articles.karopharma.com\/app\/uploads\/2022\/04\/pexels-roman-odintsov-4870841-768x512.jpg 768w, https:\/\/articles.karopharma.com\/app\/uploads\/2022\/04\/pexels-roman-odintsov-4870841-1536x1024.jpg 1536w, https:\/\/articles.karopharma.com\/app\/uploads\/2022\/04\/pexels-roman-odintsov-4870841-2048x1365.jpg 2048w\" sizes=\"auto, (max-width: 1024px) 100vw, 1024px\" \/><\/figure>\n<\/div><\/div>\n\n\n\n<div class=\"wp-block-karopharma-free-text pt-large pb-large bg-center bg-cover bg-no-repeat  small is-style-secondary\" style=\"background-image:url()\" id=\"symptoms\"><div class=\"free-text-wrapper container max-w-small text-left\">\n<h2 class=\"is-style-heading-h1 wp-block-heading\" id=\"title-1\">\u00bfQu\u00e9 s\u00edntomas presentan las u\u00f1as agrietadas?<\/h2>\n\n\n\n<p class=\"is-style-paragraph-body-text\">Aunque cada caso es diferente, y la causa de tus u\u00f1as agrietadas nos llevar\u00e1 a los s\u00edntomas, los m\u00e1s comunes que se presentan en caso de u\u00f1as agrietadas son:<\/p>\n\n\n\n<ul class=\"is-style-default wp-block-list\"><li>Grietas en la u\u00f1a<\/li><li>U\u00f1as astilladas<\/li><li>U\u00f1as quebradizas<\/li><li>La u\u00f1a se rompe<\/li><li>La u\u00f1a se ha separado del lecho ungueal<\/li><\/ul>\n\n\n\n<p>Seg\u00fan la causa de las u\u00f1as agrietadas, tambi\u00e9n puedes tener otros s\u00edntomas, como:<\/p>\n\n\n\n<ul class=\"is-style-default wp-block-list\"><li>Decoloraci\u00f3n de la u\u00f1a<\/li><li>Deformaciones<\/li><li>Mal olor<\/li><li>Engrosamiento de las u\u00f1as<\/li><\/ul>\n\n\n\n<p>Si sientes dolor o molestias alrededor de la u\u00f1a o notas una hinchaz\u00f3n importante, deber\u00edas ir al m\u00e9dico para descartar una afecci\u00f3n m\u00e1s grave.<\/p>\n<\/div><\/div>\n\n\n\n<div class=\"wp-block-karopharma-free-text pt-large pb-large bg-center bg-cover bg-no-repeat  small\" style=\"background-image:url()\" id=\"causes\"><div class=\"free-text-wrapper container max-w-small text-left\">\n<h2 class=\"is-style-heading-h1 wp-block-heading\" id=\"title-2\">Causas de las u\u00f1as agrietadas<\/h2>\n\n\n\n<p class=\"is-style-paragraph-body-text\">Tener las u\u00f1as agrietadas, puede ser por varios motivos, como:<\/p>\n\n\n\n<h3 class=\"is-style-heading-h4 wp-block-heading\">El envejecimiento<\/h3>\n\n\n\n<p>La causa m\u00e1s com\u00fan de las u\u00f1as agrietadas es el proceso natural de envejecimiento. A medida que nos hacemos mayores, las u\u00f1as se vuelven m\u00e1s delgadas y propensas a agrietarse y partirse.<\/p>\n\n\n\n<p>Aunque es m\u00e1s frecuente en mujeres mayores de 60 a\u00f1os, nada quita se d\u00e9 tambi\u00e9n en hombres. Las u\u00f1as agrietadas por envejecimiento pueden afectar tanto a las manos como a los pies, e ir acompa\u00f1adas de descamaci\u00f3n o estr\u00edas.<\/p>\n\n\n\n<p>Insistimos, se trata de algo completamente normal y no hay de que preocuparse.<\/p>\n\n\n\n<h3 class=\"is-style-heading-h4 wp-block-heading\">Una infecci\u00f3n<\/h3>\n\n\n\n<p>Una infecci\u00f3n por hongos en las u\u00f1as puede provocar la aparici\u00f3n de grietas y otros s\u00edntomas desagradables. Se trata de una infecci\u00f3n muy com\u00fan en hombres y mujeres mayores de 50 a\u00f1os, que tambi\u00e9n puede causar decoloraci\u00f3n de las u\u00f1as, deformaciones y mal olor. En casos graves, tambi\u00e9n puede hacer que la u\u00f1a se desprenda del lecho ungueal y se caiga.<\/p>\n\n\n\n<p>La infecci\u00f3n por hongos en las u\u00f1as, tambi\u00e9n denominada onicomicosis, es m\u00e1s frecuente en los pies que en las manos, y puede afectar a ambas extremidades.<\/p>\n\n\n\n<h3 class=\"is-style-heading-h4 wp-block-heading\">Productos agresivos para las u\u00f1as<\/h3>\n\n\n\n<p>El uso de esmaltes y quitaesmaltes con productos qu\u00edmicos fuertes (como hace la mayor\u00eda), puede ser el motivo por el que tus u\u00f1as est\u00e9n agrietadas. Esto es porque estos productos qu\u00edmicos pueden debilitar la u\u00f1a y hacerla m\u00e1s propensa a tener grietas, roturas y a astillarse.<\/p>\n\n\n\n<p>Si usas regularmente u\u00f1as postizas, el pegamento y los tintes de las u\u00f1as acr\u00edlicas tambi\u00e9n pueden agrietar las u\u00f1as.<\/p>\n\n\n\n<p>Otros s\u00edntomas que puedes notar son decoloraci\u00f3n y que adquieran un aspecto apagado.<\/p>\n\n\n\n<h3 class=\"is-style-heading-h4 wp-block-heading\">Entornos h\u00famedos<\/h3>\n\n\n\n<p>Tener contacto frecuente con el agua puede hacer estragos en las u\u00f1as y que se agrieten. Si trabajas en el sector de la hosteler\u00eda o al aire libre, es posible que notes que tus u\u00f1as empiezan a partirse.<\/p>\n\n\n\n<p>Si esta es la causa de tus u\u00f1as agrietadas, tambi\u00e9n pueden ablandecerse y presentar grietas que empeoran con el fr\u00edo.<\/p>\n\n\n\n<h3 class=\"is-style-heading-h4 wp-block-heading\">Psoriasis<\/h3>\n\n\n\n<p>La psoriasis puede afectar no solo a la piel, sino tambi\u00e9n a las u\u00f1as de manos y pies. Tambi\u00e9n puedes notar cierta decoloraci\u00f3n, que se agrietan, se desprenden o caen, el lecho ungueal rojo o una erupci\u00f3n cut\u00e1nea.<\/p>\n\n\n\n<p>Los s\u00edntomas de la psoriasis no son patrimonio de las u\u00f1as, sino que pueden aparecer en otras partes del cuerpo.<\/p>\n\n\n\n<h3 class=\"is-style-heading-h4 wp-block-heading\">Carencia de hierro<\/h3>\n\n\n\n<p>La carencia de hierro, o anemia, puede provocar grietas en las u\u00f1as, as\u00ed como otros s\u00edntomas, como cansancio, dificultades para respirar, palidez, manos y pies fr\u00edos y comisuras en los labios.<\/p>\n\n\n\n<p>Basta con un an\u00e1lisis de sangre para saber si la causa de tus u\u00f1as agrietadas es la anemia.<\/p>\n\n\n\n<h3 class=\"is-style-heading-h4 wp-block-heading\">Hipotiroidismo<\/h3>\n\n\n\n<p>El hipotiroidismo es una afecci\u00f3n de la gl\u00e1ndula tiroides, que no produce suficiente hormona tiroidea. Si este es el motivo de las u\u00f1as agrietadas, tambi\u00e9n puedes encontrarte con:<\/p>\n\n\n\n<ul class=\"is-style-default wp-block-list\"><li>U\u00f1as quebradizas<\/li><li>Hinchaz\u00f3n en la parte inferior de las piernas y alrededor de los ojos<\/li><li>Picor en la piel<\/li><li>Cabello demasiado fino<\/li><li>Coloraci\u00f3n amarillenta de la piel de las palmas de las manos o de las plantas de los pies<\/li><\/ul>\n\n\n\n<p>Basta con hacerse un an\u00e1lisis para saber si padeces o no esta enfermedad.<\/p>\n\n\n\n<h3 class=\"is-style-heading-h4 wp-block-heading\">Deficiencia de biotina<\/h3>\n\n\n\n<p>La biotina es una vitamina B, a la que a veces se la denomina vitamina H. Aunque no es habitual tener carencia de biotina, podr\u00eda ser motivo de tener las u\u00f1as agrietadas y las puntas abiertas.<\/p>\n\n\n\n<p>Otros s\u00edntomas de deficiencia de biotina son:<\/p>\n\n\n\n<ul class=\"is-style-default wp-block-list\"><li>Cansancio<\/li><li>Apat\u00eda<\/li><li>Afinamiento o ca\u00edda del cabello<\/li><li>Una erupci\u00f3n roja alrededor de los ojos, la nariz o la boca<\/li><li>Conjuntivitis<\/li><li>Depresi\u00f3n y\/o ansiedad<\/li><\/ul>\n\n\n\n<figure class=\"wp-block-image size-large is-resized\"><img loading=\"lazy\" decoding=\"async\" src=\"https:\/\/articles.karopharma.com\/app\/uploads\/2022\/04\/pexels-rocketmann-team-9486780-684x1024.jpg\" alt=\"causes_cracks\" class=\"wp-image-840\" width=\"444\" height=\"665\" srcset=\"https:\/\/articles.karopharma.com\/app\/uploads\/2022\/04\/pexels-rocketmann-team-9486780-684x1024.jpg 684w, https:\/\/articles.karopharma.com\/app\/uploads\/2022\/04\/pexels-rocketmann-team-9486780-200x300.jpg 200w, https:\/\/articles.karopharma.com\/app\/uploads\/2022\/04\/pexels-rocketmann-team-9486780-768x1150.jpg 768w, https:\/\/articles.karopharma.com\/app\/uploads\/2022\/04\/pexels-rocketmann-team-9486780-1025x1536.jpg 1025w, https:\/\/articles.karopharma.com\/app\/uploads\/2022\/04\/pexels-rocketmann-team-9486780-1367x2048.jpg 1367w, https:\/\/articles.karopharma.com\/app\/uploads\/2022\/04\/pexels-rocketmann-team-9486780-scaled.jpg 1709w\" sizes=\"auto, (max-width: 444px) 100vw, 444px\" \/><\/figure>\n<\/div><\/div>\n\n\n\n<div class=\"wp-block-karopharma-free-text pt-large pb-large bg-center bg-cover bg-no-repeat  small is-style-primary\" style=\"background-image:url()\" id=\"treat\"><div class=\"free-text-wrapper container max-w-small text-left\">\n<h2 class=\"is-style-heading-h1 wp-block-heading\" id=\"title-2\">\u00bfQu\u00e9 tratamiento existe para las u\u00f1as agrietadas?<\/h2>\n\n\n\n<p class=\"is-style-paragraph-body-text\">El tratamiento recomendado para tus u\u00f1as agrietadas depender\u00e1 de la causa del problema.<\/p>\n\n\n\n<h3 class=\"is-style-heading-h4 wp-block-heading\">\u00bfQu\u00e9 tratamiento existe para las u\u00f1as agrietadas por envejecimiento?<\/h3>\n\n\n\n<p>Si tus u\u00f1as est\u00e1n agrietadas por el proceso natural de envejecimiento, no hay mucho que puedas hacer para evitarlo. Dicho esto, puedes mejorarlas si las hidratas de forma regular y las mantienes limpias y cortadas.<\/p>\n\n\n\n<p>Tambi\u00e9n puedes hacerte con una pomada para u\u00f1as agrietadas, especialmente dise\u00f1ada para hidratarlas y fortalecerlas.<\/p>\n\n\n\n<h3 class=\"is-style-heading-h4 wp-block-heading\">\u00bfQu\u00e9 tratamiento existe para las u\u00f1as agrietadas por una infecci\u00f3n?<\/h3>\n\n\n\n<p>Las u\u00f1as agrietadas por hongos en las u\u00f1as se pueden tratar con un tratamiento antif\u00fangico como Nailner para hongos en las u\u00f1as. Puede aplicarse t\u00f3picamente en la zona afectada.<\/p>\n\n\n\n<p>Cabe se\u00f1alar que el tratamiento de las infecciones por hongos en las u\u00f1as puede ser bastante largo, sobre todo si no se ha tratado durante mucho tiempo. Una vez curada la infecci\u00f3n, solo tendr\u00e1s que esperar a que vuelva a crecer una u\u00f1a nueva y sana. Las u\u00f1as de las manos pueden tardar hasta 6 meses y, las de los pies, entre 12 y 18.<\/p>\n\n\n\n<p>Sin embargo, una vez iniciado el tratamiento, deber\u00edas notar una mejor\u00eda de los s\u00edntomas a los 10 &#8211; 14 d\u00edas.<\/p>\n\n\n\n<h3 class=\"is-style-heading-h4 wp-block-heading\">\u00bfQu\u00e9 tratamiento existe para las u\u00f1as agrietadas por psoriasis?<\/h3>\n\n\n\n<p>Existen varios tratamientos para la psoriasis ungueal, como inyecciones de corticosteroides, el uso de l\u00e1ser y tratamientos t\u00f3picos sin receta.<\/p>\n\n\n\n<p>Tambi\u00e9n debes procurar llevar las u\u00f1as cortas, utilizar una lima para mantener los bordes lisos e hidratar las u\u00f1as y las cut\u00edculas a diario.<\/p>\n\n\n\n<h3 class=\"is-style-heading-h4 wp-block-heading\">\u00bfQu\u00e9 tratamiento existe para las u\u00f1as agrietadas por carencia de alg\u00fan elemento?<\/h3>\n\n\n\n<p>Si el m\u00e9dico, tras hacerte un an\u00e1lisis, determina que padeces anemia por deficiencia de hierro, lo mejor que puedes hacer es tomar un suplemento.<\/p>\n\n\n\n<p>Lo encontrar\u00e1s en la farmacia, parafarmacia y online.<\/p>\n\n\n\n<figure class=\"wp-block-image size-large is-style-default\"><img loading=\"lazy\" decoding=\"async\" width=\"1024\" height=\"683\" src=\"https:\/\/articles.karopharma.com\/app\/uploads\/2022\/04\/pexels-kaique-rocha-57646-1024x683.jpg\" alt=\"thicktoenail\" class=\"wp-image-1436\" srcset=\"https:\/\/articles.karopharma.com\/app\/uploads\/2022\/04\/pexels-kaique-rocha-57646-1024x683.jpg 1024w, https:\/\/articles.karopharma.com\/app\/uploads\/2022\/04\/pexels-kaique-rocha-57646-300x200.jpg 300w, https:\/\/articles.karopharma.com\/app\/uploads\/2022\/04\/pexels-kaique-rocha-57646-768x512.jpg 768w, https:\/\/articles.karopharma.com\/app\/uploads\/2022\/04\/pexels-kaique-rocha-57646-1536x1024.jpg 1536w, https:\/\/articles.karopharma.com\/app\/uploads\/2022\/04\/pexels-kaique-rocha-57646-2048x1365.jpg 2048w\" sizes=\"auto, (max-width: 1024px) 100vw, 1024px\" \/><\/figure>\n<\/div><\/div>\n\n\n\n<div class=\"wp-block-karopharma-free-text pt-large pb-large bg-center bg-cover bg-no-repeat  small is-style-secondary\" style=\"background-image:url()\"><div class=\"free-text-wrapper container max-w-small text-left\">\n<h2 class=\"is-style-heading-h1 wp-block-heading\" id=\"title-2\">\u00bfPuedo tratar las u\u00f1as agrietadas en casa?<\/h2>\n\n\n\n<p>Si quieres intentarlo, tienes varios remedios caseros a tu alcance. Ahora bien, debes saber que no se ha demostrado m\u00e9dicamente que funcionen y que no podr\u00e1n tratar una infecci\u00f3n.<\/p>\n\n\n\n<p>Dicho esto, no hay nada malo en hacerlo como complemento a la prescripci\u00f3n m\u00e9dica.<\/p>\n\n\n\n<h3 class=\"is-style-heading-h4 wp-block-heading\">Masaje con aceite de coco<\/h3>\n\n\n\n<p>Si tienes las u\u00f1as secas, quebradizas y agrietadas, con el aceite de coco podr\u00e1s hidratarlas y mejorar su aspecto general. Servir\u00e1 un sencillo masaje dos veces al d\u00eda con aceite caliente directamente sobre la zona afectada.<\/p>\n\n\n\n<h3 class=\"is-style-heading-h4 wp-block-heading\">Rem\u00f3jalas en vinagre de manzana<\/h3>\n\n\n\n<p>El vinagre de manzana contiene muchos nutrientes esenciales, como hierro, calcio, magnesio y potasio, que pueden ayudar a fortalecer esas u\u00f1as agrietadas.<\/p>\n\n\n\n<p>Para ello, diluye vinagre y agua a partes iguales y pon unos minutos las u\u00f1as en remojo. Tambi\u00e9n va bien presionar suavemente las cut\u00edculas.<\/p>\n\n\n\n<h3 class=\"is-style-heading-h4 wp-block-heading\">Aplica vitamina E<\/h3>\n\n\n\n<p>Hay varias vitaminas que resultan beneficiosas para las u\u00f1as agrietadas, entre ellas la vitamina E, que puede ayudarte a rejuvenecerlas y a restaurarlas.<\/p>\n\n\n\n<p>Para ello, perfora una c\u00e1psula de vitamina E y aplica el aceite directamente sobre la u\u00f1a o u\u00f1as afectadas.<\/p>\n\n\n\n<figure class=\"wp-block-image size-large is-style-rounded\"><img loading=\"lazy\" decoding=\"async\" width=\"1024\" height=\"683\" src=\"https:\/\/articles.karopharma.com\/app\/uploads\/2022\/04\/pexels-marcus-aurelius-9789207-1024x683.jpg\" alt=\"treat_nails\" class=\"wp-image-906\" srcset=\"https:\/\/articles.karopharma.com\/app\/uploads\/2022\/04\/pexels-marcus-aurelius-9789207-1024x683.jpg 1024w, https:\/\/articles.karopharma.com\/app\/uploads\/2022\/04\/pexels-marcus-aurelius-9789207-300x200.jpg 300w, https:\/\/articles.karopharma.com\/app\/uploads\/2022\/04\/pexels-marcus-aurelius-9789207-768x512.jpg 768w, https:\/\/articles.karopharma.com\/app\/uploads\/2022\/04\/pexels-marcus-aurelius-9789207-1536x1024.jpg 1536w, https:\/\/articles.karopharma.com\/app\/uploads\/2022\/04\/pexels-marcus-aurelius-9789207-2048x1365.jpg 2048w\" sizes=\"auto, (max-width: 1024px) 100vw, 1024px\" \/><\/figure>\n<\/div><\/div>\n\n\n\n<div class=\"wp-block-karopharma-free-text pt-large pb-large bg-center bg-cover bg-no-repeat bg-box bg small is-style-primary\" style=\"background-image:url(https:\/\/articles.karopharma.com\/app\/uploads\/2022\/04\/pexels-mikhail-nilov-7405423-scaled.jpg)\" id=\"prevent\"><div class=\"free-text-wrapper container max-w-small text-left\">\n<h2 class=\"is-style-heading-h1 wp-block-heading\" id=\"title-1\">C\u00f3mo prevenir las u\u00f1as agrietadas<\/h2>\n\n\n\n<p class=\"is-style-paragraph-body-text\">Adem\u00e1s de usar el tratamiento adecuado, no sobra tomar estas medidas de prevenci\u00f3n:<\/p>\n\n\n\n<ul class=\"is-style-default wp-block-list\"><li>L\u00e1vate las manos y los pies de forma regular<\/li><li>Mant\u00e9n las u\u00f1as secas<\/li><li>C\u00f3rtate las u\u00f1as rectas con un corta\u00fa\u00f1as o unas tijeras limpios<\/li><li>No uses productos acr\u00edlicos en la manicura ni en las u\u00f1as postizas<\/li><li>No te muerdas las u\u00f1as<\/li><li>Usa guantes para fregar los platos o para hacer otras tareas que impliquen sumergir las manos en el agua<\/li><li>Usa chanclas u otro tipo de calzado en la piscina<\/li><li>Toma un suplemento multivitam\u00ednico<\/li><li>Usa una base reforzante<\/li><li>Utiliza polvos antimic\u00f3ticos para los pies para reducir la sudoraci\u00f3n y eliminar los hongos en las u\u00f1as<\/li><li>No uses productos qu\u00edmicos agresivos<\/li><\/ul>\n<\/div><\/div>\n\n\n\n<div class=\"wp-block-karopharma-free-text pt-large pb-none bg-center bg-cover bg-no-repeat  small is-style-primary\" style=\"background-image:url()\" id=\"faq\"><div class=\"free-text-wrapper container max-w-small text-left\">\n<h2 class=\"is-style-heading-h2 wp-block-heading\">Preguntas m\u00e1s frecuentes<\/h2>\n<\/div><\/div>\n\n\n\n<div class=\"wp-block-karopharma-accordions is-style-primary\"><div class=\"container\">\n<details class=\"wp-block-karopharma-accordion\"><summary><h2 class=\"accordion-title\">\u00bfQu\u00e9 me falta si se me rompe una u\u00f1a?<\/h2><\/summary><div class=\"accordion-content\">\n<p class=\"is-style-paragraph-body-text\">Si se te parte una u\u00f1a, lo m\u00e1s probable es que tengas carencia de hierro. Conocida como anemia, la falta de hierro tambi\u00e9n puede provocar cansancio, debilitamiento del cabello y palidez. Pide al m\u00e9dico o al farmac\u00e9utico un suplemento diario de hierro y ver\u00e1s c\u00f3mo tus u\u00f1as agrietadas mejoran.<\/p>\n<\/div><\/details>\n\n\n\n<details class=\"wp-block-karopharma-accordion\"><summary><h2 class=\"accordion-title\">Causas de las estr\u00edas y las u\u00f1as astilladas.<\/h2><\/summary><div class=\"accordion-content\">\n<p>La causa m\u00e1s com\u00fan es el envejecimiento. En tal caso, suelen presentarse peque\u00f1as estr\u00edas que bajan verticalmente por la u\u00f1a. Si ves que las estr\u00edas son horizontales y profundas, puede ser se\u00f1al de una afecci\u00f3n m\u00e1s grave, y deber\u00edas acudir al m\u00e9dico para que las examine.<\/p>\n\n\n\n<p>Las estr\u00edas en las u\u00f1as, o el hecho que se vean astilladas, tambi\u00e9n puede deberse a deficiencias vitam\u00ednicas o a una diabetes.<\/p>\n<\/div><\/details>\n\n\n\n<details class=\"wp-block-karopharma-accordion\"><summary><h2 class=\"accordion-title\">Causas de las u\u00f1as agrietadas y descamadas<\/h2><\/summary><div class=\"accordion-content\">\n<p class=\"is-style-paragraph-body-text\">Tener las u\u00f1as agrietadas y descamadas puede ser por una simple raz\u00f3n de envejecimiento, el embarazo, la exposici\u00f3n frecuente al agua o a productos qu\u00edmicos, trastornos cut\u00e1neos, carencias vitam\u00ednicas o incluso traumatismos. A veces, tambi\u00e9n es por la menopausia, enfermedades tiroideas e infecciones por hongos. En cualquier caso, deber\u00e1s mantener las u\u00f1as protegidas y tomar la medicaci\u00f3n recomendada.<\/p>\n<\/div><\/details>\n\n\n\n<details class=\"wp-block-karopharma-accordion\"><summary><h2 class=\"accordion-title\">\u00bfCrecen las u\u00f1as agrietadas?<\/h2><\/summary><div class=\"accordion-content\">\n<p class=\"is-style-paragraph-body-text\">S\u00ed, las u\u00f1as agrietadas crecer\u00e1n, siempre y cuando abordes la causa y sigas a rajatabla el tratamiento recomendado. Si se te agrietan y\/o parten con frecuencia, puedes probar una soluci\u00f3n endurecedora de u\u00f1as o aplicar aceite de \u00e1rbol de t\u00e9.<\/p>\n<\/div><\/details>\n\n\n\n<details class=\"wp-block-karopharma-accordion\"><summary><h2 class=\"accordion-title\">\u00bfC\u00f3mo puedo tratar las u\u00f1as agrietadas?<\/h2><\/summary><div class=\"accordion-content\">\n<p>Para solucionar el tema de las u\u00f1as agrietadas, aseg\u00farate primero de tratar cualquier infecci\u00f3n, sea por hongos o bacteriana. Una vez curada la infecci\u00f3n haya, puedes aplicar en las u\u00f1as una soluci\u00f3n fortalecedora o endurecedora para evitar que se vuelvan a abrir.<\/p>\n\n\n\n<p>Si trabajas en algo que provoca traumatismos en las u\u00f1as, deber\u00edas ponerte guantes protectores y asegurarte de mantener las u\u00f1as limpias y secas siempre que puedas.<\/p>\n<\/div><\/details>\n<\/div><\/div>\n\n\n<div class=\"product-list wp-block-karopharma-product-list\" data-testid=\"product-list\">\n      <p class=\"hidden\">No products found<\/p>\n  <\/div>\n","protected":false},"excerpt":{"rendered":"","protected":false},"author":14,"featured_media":794,"comment_status":"closed","ping_status":"closed","sticky":false,"template":"","format":"standard","meta":{"_acf_changed":false,"footnotes":""},"categories":[961],"tags":[98],"class_list":["post-27342","post","type-post","status-publish","format-standard","has-post-thumbnail","hentry","category-sintomas-de-las-unas","tag-nailner"],"acf":[],"yoast_head":"<!-- This site is optimized with the Yoast SEO plugin v26.6 - https:\/\/yoast.com\/wordpress\/plugins\/seo\/ -->\n<title>U\u00f1as agrietadas - Article Database |\u00a0Karo Pharma<\/title>\n<meta name=\"description\" content=\"Si te preocupa tener las u\u00f1as agrietadas, la siguiente gu\u00eda te puede ayudar a determinar qu\u00e9 ha provocado el agrietamiento y c\u00f3mo puedes tratar eficazmente el problema.\" \/>\n<meta name=\"robots\" content=\"noindex, follow, max-snippet:-1, max-image-preview:large, max-video-preview:-1\" \/>\n<meta property=\"og:locale\" content=\"es_ES\" \/>\n<meta property=\"og:type\" content=\"article\" \/>\n<meta property=\"og:title\" content=\"U\u00f1as agrietadas - Article Database |\u00a0Karo Pharma\" \/>\n<meta property=\"og:description\" content=\"Si te preocupa tener las u\u00f1as agrietadas, la siguiente gu\u00eda te puede ayudar a determinar qu\u00e9 ha provocado el agrietamiento y c\u00f3mo puedes tratar eficazmente el problema.\" \/>\n<meta property=\"og:url\" content=\"https:\/\/articles.karopharma.com\/es\/2023\/02\/22\/unas-agrietadas\/\" \/>\n<meta property=\"og:site_name\" content=\"Article Database |\u00a0Karo Pharma\" \/>\n<meta property=\"article:published_time\" content=\"2023-02-22T07:48:03+00:00\" \/>\n<meta property=\"article:modified_time\" content=\"2023-02-23T06:50:00+00:00\" \/>\n<meta property=\"og:image\" content=\"https:\/\/articles.karopharma.com\/app\/uploads\/2022\/04\/pexels-ekaterina-belinskaya-4672037-1-scaled.jpg\" \/>\n\t<meta property=\"og:image:width\" content=\"2560\" \/>\n\t<meta property=\"og:image:height\" content=\"1707\" \/>\n\t<meta property=\"og:image:type\" content=\"image\/jpeg\" \/>\n<meta name=\"author\" content=\"Karodoo\" \/>\n<meta name=\"twitter:card\" content=\"summary_large_image\" \/>\n<meta name=\"twitter:label1\" content=\"Written by\" \/>\n\t<meta name=\"twitter:data1\" content=\"Karodoo\" \/>\n\t<meta name=\"twitter:label2\" content=\"Est. reading time\" \/>\n\t<meta name=\"twitter:data2\" content=\"9 minutes\" \/>\n<script type=\"application\/ld+json\" class=\"yoast-schema-graph\">{\"@context\":\"https:\/\/schema.org\",\"@graph\":[{\"@type\":\"WebPage\",\"@id\":\"https:\/\/articles.karopharma.com\/es\/2023\/02\/22\/unas-agrietadas\/\",\"url\":\"https:\/\/articles.karopharma.com\/es\/2023\/02\/22\/unas-agrietadas\/\",\"name\":\"U\u00f1as agrietadas - Article Database |\u00a0Karo Pharma\",\"isPartOf\":{\"@id\":\"https:\/\/articles.karopharma.com\/es\/#website\"},\"primaryImageOfPage\":{\"@id\":\"https:\/\/articles.karopharma.com\/es\/2023\/02\/22\/unas-agrietadas\/#primaryimage\"},\"image\":{\"@id\":\"https:\/\/articles.karopharma.com\/es\/2023\/02\/22\/unas-agrietadas\/#primaryimage\"},\"thumbnailUrl\":\"https:\/\/articles.karopharma.com\/app\/uploads\/2022\/04\/pexels-ekaterina-belinskaya-4672037-1-scaled.jpg\",\"datePublished\":\"2023-02-22T07:48:03+00:00\",\"dateModified\":\"2023-02-23T06:50:00+00:00\",\"author\":{\"@id\":\"https:\/\/articles.karopharma.com\/es\/#\/schema\/person\/b1bcd33c649713c444a7811f8f3db555\"},\"description\":\"Si te preocupa tener las u\u00f1as agrietadas, la siguiente gu\u00eda te puede ayudar a determinar qu\u00e9 ha provocado el agrietamiento y c\u00f3mo puedes tratar eficazmente el problema.\",\"breadcrumb\":{\"@id\":\"https:\/\/articles.karopharma.com\/es\/2023\/02\/22\/unas-agrietadas\/#breadcrumb\"},\"inLanguage\":\"es-ES\",\"potentialAction\":[{\"@type\":\"ReadAction\",\"target\":[\"https:\/\/articles.karopharma.com\/es\/2023\/02\/22\/unas-agrietadas\/\"]}]},{\"@type\":\"ImageObject\",\"inLanguage\":\"es-ES\",\"@id\":\"https:\/\/articles.karopharma.com\/es\/2023\/02\/22\/unas-agrietadas\/#primaryimage\",\"url\":\"https:\/\/articles.karopharma.com\/app\/uploads\/2022\/04\/pexels-ekaterina-belinskaya-4672037-1-scaled.jpg\",\"contentUrl\":\"https:\/\/articles.karopharma.com\/app\/uploads\/2022\/04\/pexels-ekaterina-belinskaya-4672037-1-scaled.jpg\",\"width\":2560,\"height\":1707,\"caption\":\"crackednails\"},{\"@type\":\"BreadcrumbList\",\"@id\":\"https:\/\/articles.karopharma.com\/es\/2023\/02\/22\/unas-agrietadas\/#breadcrumb\",\"itemListElement\":[{\"@type\":\"ListItem\",\"position\":1,\"name\":\"Home\",\"item\":\"https:\/\/articles.karopharma.com\/es\/\"},{\"@type\":\"ListItem\",\"position\":2,\"name\":\"U\u00f1as agrietadas\"}]},{\"@type\":\"WebSite\",\"@id\":\"https:\/\/articles.karopharma.com\/es\/#website\",\"url\":\"https:\/\/articles.karopharma.com\/es\/\",\"name\":\"Article Database |\u00a0Karo Pharma\",\"description\":\"\",\"potentialAction\":[{\"@type\":\"SearchAction\",\"target\":{\"@type\":\"EntryPoint\",\"urlTemplate\":\"https:\/\/articles.karopharma.com\/es\/?s={search_term_string}\"},\"query-input\":{\"@type\":\"PropertyValueSpecification\",\"valueRequired\":true,\"valueName\":\"search_term_string\"}}],\"inLanguage\":\"es-ES\"},{\"@type\":\"Person\",\"@id\":\"https:\/\/articles.karopharma.com\/es\/#\/schema\/person\/b1bcd33c649713c444a7811f8f3db555\",\"name\":\"Karodoo\",\"image\":{\"@type\":\"ImageObject\",\"inLanguage\":\"es-ES\",\"@id\":\"https:\/\/articles.karopharma.com\/es\/#\/schema\/person\/image\/\",\"url\":\"https:\/\/secure.gravatar.com\/avatar\/45be21682d779ddb5954528761345f70e72082013a303c4239709f338bbc3498?s=96&d=mm&r=g\",\"contentUrl\":\"https:\/\/secure.gravatar.com\/avatar\/45be21682d779ddb5954528761345f70e72082013a303c4239709f338bbc3498?s=96&d=mm&r=g\",\"caption\":\"Karodoo\"},\"url\":\"https:\/\/articles.karopharma.com\/es\/author\/karodoo\/\"}]}<\/script>\n<!-- \/ Yoast SEO plugin. -->","yoast_head_json":{"title":"U\u00f1as agrietadas - Article Database |\u00a0Karo Pharma","description":"Si te preocupa tener las u\u00f1as agrietadas, la siguiente gu\u00eda te puede ayudar a determinar qu\u00e9 ha provocado el agrietamiento y c\u00f3mo puedes tratar eficazmente el problema.","robots":{"index":"noindex","follow":"follow","max-snippet":"max-snippet:-1","max-image-preview":"max-image-preview:large","max-video-preview":"max-video-preview:-1"},"og_locale":"es_ES","og_type":"article","og_title":"U\u00f1as agrietadas - Article Database |\u00a0Karo Pharma","og_description":"Si te preocupa tener las u\u00f1as agrietadas, la siguiente gu\u00eda te puede ayudar a determinar qu\u00e9 ha provocado el agrietamiento y c\u00f3mo puedes tratar eficazmente el problema.","og_url":"https:\/\/articles.karopharma.com\/es\/2023\/02\/22\/unas-agrietadas\/","og_site_name":"Article Database |\u00a0Karo Pharma","article_published_time":"2023-02-22T07:48:03+00:00","article_modified_time":"2023-02-23T06:50:00+00:00","og_image":[{"width":2560,"height":1707,"url":"https:\/\/articles.karopharma.com\/app\/uploads\/2022\/04\/pexels-ekaterina-belinskaya-4672037-1-scaled.jpg","type":"image\/jpeg"}],"author":"Karodoo","twitter_card":"summary_large_image","twitter_misc":{"Written by":"Karodoo","Est. reading time":"9 minutes"},"schema":{"@context":"https:\/\/schema.org","@graph":[{"@type":"WebPage","@id":"https:\/\/articles.karopharma.com\/es\/2023\/02\/22\/unas-agrietadas\/","url":"https:\/\/articles.karopharma.com\/es\/2023\/02\/22\/unas-agrietadas\/","name":"U\u00f1as agrietadas - Article Database |\u00a0Karo Pharma","isPartOf":{"@id":"https:\/\/articles.karopharma.com\/es\/#website"},"primaryImageOfPage":{"@id":"https:\/\/articles.karopharma.com\/es\/2023\/02\/22\/unas-agrietadas\/#primaryimage"},"image":{"@id":"https:\/\/articles.karopharma.com\/es\/2023\/02\/22\/unas-agrietadas\/#primaryimage"},"thumbnailUrl":"https:\/\/articles.karopharma.com\/app\/uploads\/2022\/04\/pexels-ekaterina-belinskaya-4672037-1-scaled.jpg","datePublished":"2023-02-22T07:48:03+00:00","dateModified":"2023-02-23T06:50:00+00:00","author":{"@id":"https:\/\/articles.karopharma.com\/es\/#\/schema\/person\/b1bcd33c649713c444a7811f8f3db555"},"description":"Si te preocupa tener las u\u00f1as agrietadas, la siguiente gu\u00eda te puede ayudar a determinar qu\u00e9 ha provocado el agrietamiento y c\u00f3mo puedes tratar eficazmente el problema.","breadcrumb":{"@id":"https:\/\/articles.karopharma.com\/es\/2023\/02\/22\/unas-agrietadas\/#breadcrumb"},"inLanguage":"es-ES","potentialAction":[{"@type":"ReadAction","target":["https:\/\/articles.karopharma.com\/es\/2023\/02\/22\/unas-agrietadas\/"]}]},{"@type":"ImageObject","inLanguage":"es-ES","@id":"https:\/\/articles.karopharma.com\/es\/2023\/02\/22\/unas-agrietadas\/#primaryimage","url":"https:\/\/articles.karopharma.com\/app\/uploads\/2022\/04\/pexels-ekaterina-belinskaya-4672037-1-scaled.jpg","contentUrl":"https:\/\/articles.karopharma.com\/app\/uploads\/2022\/04\/pexels-ekaterina-belinskaya-4672037-1-scaled.jpg","width":2560,"height":1707,"caption":"crackednails"},{"@type":"BreadcrumbList","@id":"https:\/\/articles.karopharma.com\/es\/2023\/02\/22\/unas-agrietadas\/#breadcrumb","itemListElement":[{"@type":"ListItem","position":1,"name":"Home","item":"https:\/\/articles.karopharma.com\/es\/"},{"@type":"ListItem","position":2,"name":"U\u00f1as agrietadas"}]},{"@type":"WebSite","@id":"https:\/\/articles.karopharma.com\/es\/#website","url":"https:\/\/articles.karopharma.com\/es\/","name":"Article Database |\u00a0Karo Pharma","description":"","potentialAction":[{"@type":"SearchAction","target":{"@type":"EntryPoint","urlTemplate":"https:\/\/articles.karopharma.com\/es\/?s={search_term_string}"},"query-input":{"@type":"PropertyValueSpecification","valueRequired":true,"valueName":"search_term_string"}}],"inLanguage":"es-ES"},{"@type":"Person","@id":"https:\/\/articles.karopharma.com\/es\/#\/schema\/person\/b1bcd33c649713c444a7811f8f3db555","name":"Karodoo","image":{"@type":"ImageObject","inLanguage":"es-ES","@id":"https:\/\/articles.karopharma.com\/es\/#\/schema\/person\/image\/","url":"https:\/\/secure.gravatar.com\/avatar\/45be21682d779ddb5954528761345f70e72082013a303c4239709f338bbc3498?s=96&d=mm&r=g","contentUrl":"https:\/\/secure.gravatar.com\/avatar\/45be21682d779ddb5954528761345f70e72082013a303c4239709f338bbc3498?s=96&d=mm&r=g","caption":"Karodoo"},"url":"https:\/\/articles.karopharma.com\/es\/author\/karodoo\/"}]}},"_links":{"self":[{"href":"https:\/\/articles.karopharma.com\/es\/wp-json\/wp\/v2\/posts\/27342","targetHints":{"allow":["GET"]}}],"collection":[{"href":"https:\/\/articles.karopharma.com\/es\/wp-json\/wp\/v2\/posts"}],"about":[{"href":"https:\/\/articles.karopharma.com\/es\/wp-json\/wp\/v2\/types\/post"}],"author":[{"embeddable":true,"href":"https:\/\/articles.karopharma.com\/es\/wp-json\/wp\/v2\/users\/14"}],"replies":[{"embeddable":true,"href":"https:\/\/articles.karopharma.com\/es\/wp-json\/wp\/v2\/comments?post=27342"}],"version-history":[{"count":1,"href":"https:\/\/articles.karopharma.com\/es\/wp-json\/wp\/v2\/posts\/27342\/revisions"}],"predecessor-version":[{"id":27344,"href":"https:\/\/articles.karopharma.com\/es\/wp-json\/wp\/v2\/posts\/27342\/revisions\/27344"}],"wp:featuredmedia":[{"embeddable":true,"href":"https:\/\/articles.karopharma.com\/es\/wp-json\/wp\/v2\/media\/794"}],"wp:attachment":[{"href":"https:\/\/articles.karopharma.com\/es\/wp-json\/wp\/v2\/media?parent=27342"}],"wp:term":[{"taxonomy":"category","embeddable":true,"href":"https:\/\/articles.karopharma.com\/es\/wp-json\/wp\/v2\/categories?post=27342"},{"taxonomy":"post_tag","embeddable":true,"href":"https:\/\/articles.karopharma.com\/es\/wp-json\/wp\/v2\/tags?post=27342"}],"curies":[{"name":"wp","href":"https:\/\/api.w.org\/{rel}","templated":true}]}}